  {"id":52584,"date":"2024-03-13T00:22:57","date_gmt":"2024-03-13T00:22:57","guid":{"rendered":"https:\/\/www.augsburg.edu\/ecs\/?p=52584"},"modified":"2024-07-10T15:38:56","modified_gmt":"2024-07-10T15:38:56","slug":"angelica_jimenez","status":"publish","type":"post","link":"https:\/\/www.augsburg.edu\/ecs\/2024\/03\/13\/angelica_jimenez\/","title":{"rendered":"Spanish Literature and Culture &#8211; Angelica Jimenez"},"content":{"rendered":"<p><img loading=\"lazy\" decoding=\"async\" class=\"alignleft wp-image-54803 size-medium\" src=\"https:\/\/www.augsburg.edu\/ecs\/wp-content\/uploads\/sites\/32\/2024\/03\/6f24bff49480454082a2b46b4f3fae22_fe0364c92e6b862d882d85d12cea75fb-300x300.jpg\" alt=\"A smiling individual with dark eyes, wearing a dark blue outfit and hoop earrings, against a bluish-grey background.\" width=\"300\" height=\"300\" srcset=\"https:\/\/www.augsburg.edu\/ecs\/wp-content\/uploads\/sites\/32\/2024\/03\/6f24bff49480454082a2b46b4f3fae22_fe0364c92e6b862d882d85d12cea75fb-300x300.jpg 300w, https:\/\/www.augsburg.edu\/ecs\/wp-content\/uploads\/sites\/32\/2024\/03\/6f24bff49480454082a2b46b4f3fae22_fe0364c92e6b862d882d85d12cea75fb-1024x1024.jpg 1024w, https:\/\/www.augsburg.edu\/ecs\/wp-content\/uploads\/sites\/32\/2024\/03\/6f24bff49480454082a2b46b4f3fae22_fe0364c92e6b862d882d85d12cea75fb-150x150.jpg 150w, https:\/\/www.augsburg.edu\/ecs\/wp-content\/uploads\/sites\/32\/2024\/03\/6f24bff49480454082a2b46b4f3fae22_fe0364c92e6b862d882d85d12cea75fb-768x768.jpg 768w, https:\/\/www.augsburg.edu\/ecs\/wp-content\/uploads\/sites\/32\/2024\/03\/6f24bff49480454082a2b46b4f3fae22_fe0364c92e6b862d882d85d12cea75fb-1536x1536.jpg 1536w, https:\/\/www.augsburg.edu\/ecs\/wp-content\/uploads\/sites\/32\/2024\/03\/6f24bff49480454082a2b46b4f3fae22_fe0364c92e6b862d882d85d12cea75fb.jpg 1833w\" sizes=\"auto, (max-width: 300px) 100vw, 300px\" \/><\/p>\n<p>Ang\u00e9lica M. Jim\u00e9nez was born in M\u00e9xico, grew up in Central California, attended UCLA, and has been an educator since 1982, teaching various levels of Spanish at the elementary, high school and community college level. She entered the AP\u00ae Reader \u201cpool\u201d in 2005, became a College Board consultant in 2007 and has presented workshops and AP\u00ae Summer Institutes nationwide. In 2010 she was selected to serve on the AP\u00ae Spanish Literature Test Development Committee, and in 2013 she served on the College Board\u2019s Standard Setting Panel for the current AP\u00ae exam in Spanish Literature and Culture. That same fall she was named to the College Board\u2019s Test Development Committee for the \u201cSAT2 Subject Test in Spanish\u201d and traveled several times to the ETS offices in Princeton, NJ between 2013 and 2016. Since 2014 she has also worked as part of the team of lead facilitators for California\u2019s \u201cCentral California World Language Project\u201d, sponsored by Fresno State, Bakersfield Community College and Stanford University. Her passion is sharing ideas and best practices, helping teachers new to the profession, as well as learning with others. To illustrate this, in 2013 Ang\u00e9lica created a blog with resources and strategies. She continues to update it each week and is proud to support teachers (and interested individuals) around the world that teach AP\u00ae Spanish Literature and Culture.<\/p>\n<p>&nbsp;<\/p>\n<p><strong>Angelica Jimenez\u00a0is teaching one workshop at Augsburg this summer.<\/strong> See our registration site with the button below.<\/p>\n<div class=\"info-box center-info-box blue-info-box\">\n   \t\t\t<a href=\"https:\/\/eventreg.collegeboard.org\/event\/77a9cba6-c2db-4a15-9169-6ee17b63f8b0\/websitePage:7bb34f5c-d959-4831-9985-86c82bc6e002\" >\n   \t\t\t<div class=\"top-text\" style=\"font-size:1.2em;\">\n   \t\t\t\t<\/p>\n<h2>ONLINE JUNE 17-21 APSI REGISTRATION<\/h2>\n<p>\n\t\t\t<\/div>\n\t\t\t<div class=\"bottom-text\" style=\"display:block;\">\n\t\t\t\t<p>June 17-21<\/p>\n\t\t\t<\/div>\n\t\t\t<\/a>\n\t\t<\/div>\n","protected":false},"excerpt":{"rendered":"<p>Ang\u00e9lica M. Jim\u00e9nez was born in M\u00e9xico, grew up in Central California, attended UCLA, and has been an educator since 1982, teaching various levels of Spanish at the elementary, high school and community college level. She entered the AP\u00ae Reader \u201cpool\u201d in 2005, became a College Board consultant in 2007 and has presented workshops and &#8230;<\/p>\n","protected":false},"author":398,"featured_media":0,"comment_status":"closed","ping_status":"closed","sticky":false,"template":"","format":"aside","meta":{"footnotes":""},"categories":[8],"tags":[],"class_list":["post-52584","post","type-post","status-publish","format-aside","hentry","category-consultants","post_format-post-format-aside"],"_links":{"self":[{"href":"https:\/\/www.augsburg.edu\/ecs\/wp-json\/wp\/v2\/posts\/52584","targetHints":{"allow":["GET"]}}],"collection":[{"href":"https:\/\/www.augsburg.edu\/ecs\/wp-json\/wp\/v2\/posts"}],"about":[{"href":"https:\/\/www.augsburg.edu\/ecs\/wp-json\/wp\/v2\/types\/post"}],"author":[{"embeddable":true,"href":"https:\/\/www.augsburg.edu\/ecs\/wp-json\/wp\/v2\/users\/398"}],"replies":[{"embeddable":true,"href":"https:\/\/www.augsburg.edu\/ecs\/wp-json\/wp\/v2\/comments?post=52584"}],"version-history":[{"count":18,"href":"https:\/\/www.augsburg.edu\/ecs\/wp-json\/wp\/v2\/posts\/52584\/revisions"}],"predecessor-version":[{"id":54958,"href":"https:\/\/www.augsburg.edu\/ecs\/wp-json\/wp\/v2\/posts\/52584\/revisions\/54958"}],"wp:attachment":[{"href":"https:\/\/www.augsburg.edu\/ecs\/wp-json\/wp\/v2\/media?parent=52584"}],"wp:term":[{"taxonomy":"category","embeddable":true,"href":"https:\/\/www.augsburg.edu\/ecs\/wp-json\/wp\/v2\/categories?post=52584"},{"taxonomy":"post_tag","embeddable":true,"href":"https:\/\/www.augsburg.edu\/ecs\/wp-json\/wp\/v2\/tags?post=52584"}],"curies":[{"name":"wp","href":"https:\/\/api.w.org\/{rel}","templated":true}]}}